{"id":675,"date":"2020-01-06T12:08:54","date_gmt":"2020-01-06T11:08:54","guid":{"rendered":"https:\/\/akzente.jetzt\/?p=675"},"modified":"2020-01-06T12:08:54","modified_gmt":"2020-01-06T11:08:54","slug":"happy-new-year","status":"publish","type":"post","link":"https:\/\/akzente.jetzt\/cms\/happy-new-year-675\/","title":{"rendered":"Happy new Year"},"content":{"rendered":"<p>Ich w\u00fcnsche allen ein gesundes neues Jahr !<\/p>\n<p>Ab dem 07.01.2020 ist das Atelier wieder ge\u00f6ffnet. Wer einen Termin f\u00fcr einen Kurs \u00a0ausmachen m\u00f6chte, kann mich unter der Telefonnummer 07934\/2561101 oder unter meiner Handynummer oder Mailadresse erreichen.<\/p>\n<p>Kurse die im Januar beginnen:<\/p>\n<p>Montags \u00a0 \u00a0 15. 00 &#8211; 16.00 Uhr Malen f\u00fcr die Kleinsten<\/p>\n<p>Mittwochs 19.00 \u00a0&#8211; 20.00 Uhr Entspannung nach Jacobsen<\/p>\n<p>Freitags \u00a0 \u00a0 15.00 &#8211; 16.45 Uhr Kreativwerkstatt f\u00fcr Kids<\/p>\n<p>&nbsp;<\/p>\n<p>Wer einen eigenen Kurs f\u00fcr sich und Freunde haben m\u00f6chte, kann ihn bei mir buchen.<\/p>\n<p>Ich freue mich auf eine sch\u00f6ne kreative Zeit mit Euch\/Ihnen.<\/p>\n<p>&nbsp;<\/p>\n","protected":false},"excerpt":{"rendered":"<p>Ich w\u00fcnsche allen ein gesundes neues Jahr ! Ab dem 07.01.2020 ist das Atelier wieder ge\u00f6ffnet. Wer einen Termin f\u00fcr einen Kurs \u00a0ausmachen m\u00f6chte, kann mich unter der Telefonnummer 07934\/2561101 oder unter meiner Handynummer oder Mailadresse erreichen. Kurse die im Januar beginnen: Montags \u00a0 \u00a0 15. 00 &#8211; 16.00 Uhr Malen f\u00fcr die Kleinsten Mittwochs [&hellip;]<\/p>\n","protected":false},"author":3,"featured_media":0,"comment_status":"open","ping_status":"open","sticky":false,"template":"","format":"standard","meta":{"footnotes":""},"categories":[1],"tags":[],"_links":{"self":[{"href":"https:\/\/akzente.jetzt\/cms\/wp-json\/wp\/v2\/posts\/675"}],"collection":[{"href":"https:\/\/akzente.jetzt\/cms\/wp-json\/wp\/v2\/posts"}],"about":[{"href":"https:\/\/akzente.jetzt\/cms\/wp-json\/wp\/v2\/types\/post"}],"author":[{"embeddable":true,"href":"https:\/\/akzente.jetzt\/cms\/wp-json\/wp\/v2\/users\/3"}],"replies":[{"embeddable":true,"href":"https:\/\/akzente.jetzt\/cms\/wp-json\/wp\/v2\/comments?post=675"}],"version-history":[{"count":1,"href":"https:\/\/akzente.jetzt\/cms\/wp-json\/wp\/v2\/posts\/675\/revisions"}],"predecessor-version":[{"id":676,"href":"https:\/\/akzente.jetzt\/cms\/wp-json\/wp\/v2\/posts\/675\/revisions\/676"}],"wp:attachment":[{"href":"https:\/\/akzente.jetzt\/cms\/wp-json\/wp\/v2\/media?parent=675"}],"wp:term":[{"taxonomy":"category","embeddable":true,"href":"https:\/\/akzente.jetzt\/cms\/wp-json\/wp\/v2\/categories?post=675"},{"taxonomy":"post_tag","embeddable":true,"href":"https:\/\/akzente.jetzt\/cms\/wp-json\/wp\/v2\/tags?post=675"}],"curies":[{"name":"wp","href":"https:\/\/api.w.org\/{rel}","templated":true}]}}